[{"@context":"https:\/\/schema.org\/","@type":"Article","@id":"https:\/\/www.omfg.sk\/facebook-sme-v-prvom-rade-my-a-my-tvorime-jeho-pozitivnu-ale-aj-negativnu-stranku\/#Article","mainEntityOfPage":"https:\/\/www.omfg.sk\/facebook-sme-v-prvom-rade-my-a-my-tvorime-jeho-pozitivnu-ale-aj-negativnu-stranku\/","headline":"Facebook sme v prvom rade my a my tvor\u00edme jeho pozit\u00edvnu, ale aj negat\u00edvnu str\u00e1nku","name":"Facebook sme v prvom rade my a my tvor\u00edme jeho pozit\u00edvnu, ale aj negat\u00edvnu str\u00e1nku","description":"Kedy vlastne za\u010dal ten fenom\u00e9n, d\u00e1va\u0165 na n\u00e1stenky soci\u00e1lnych siet\u00ed pravideln\u00e9 inform\u00e1cie o tom, kde sme, \u010do moment\u00e1lne rob\u00edme, alebo na \u010do mysl\u00edme? Tak\u00fd zrod tejto pravidelnej \u010dinnosti v podstate u\u017e priniesla aplik\u00e1cia ICQ, kde sme mali mo\u017enos\u0165 p\u00edsa\u0165 a upravova\u0165 svoj status. Pam\u00e4t\u00e1te? Ja viem, u\u017e je to d\u00e1vno a na\u0161u myse\u013e u\u017e dlho [&hellip;]","datePublished":"2025-03-02","dateModified":"2025-03-02","author":{"@type":"Person","@id":"https:\/\/www.omfg.sk\/author\/#Person","name":"","url":"https:\/\/www.omfg.sk\/author\/","identifier":1,"image":{"@type":"ImageObject","@id":"https:\/\/secure.gravatar.com\/avatar\/b72fc1bf1bf254b4118ef99c1da35a199f5a8e7c33c2166eae92618994df57ea?s=96&d=mm&r=g","url":"https:\/\/secure.gravatar.com\/avatar\/b72fc1bf1bf254b4118ef99c1da35a199f5a8e7c33c2166eae92618994df57ea?s=96&d=mm&r=g","height":96,"width":96}},"publisher":{"@type":"Organization","name":"omfg.sk","logo":{"@type":"ImageObject","@id":"\/logo.png","url":"\/logo.png","width":600,"height":60}},"image":{"@type":"ImageObject","@id":"https:\/\/www.omfg.sk\/wp-content\/uploads\/img_a290936_w2035_t1536253449.png","url":"https:\/\/www.omfg.sk\/wp-content\/uploads\/img_a290936_w2035_t1536253449.png","height":0,"width":0},"url":"https:\/\/www.omfg.sk\/facebook-sme-v-prvom-rade-my-a-my-tvorime-jeho-pozitivnu-ale-aj-negativnu-stranku\/","wordCount":442,"articleBody":"Kedy vlastne za\u010dal ten fenom\u00e9n, d\u00e1va\u0165 na n\u00e1stenky soci\u00e1lnych siet\u00ed pravideln\u00e9 inform\u00e1cie o tom, kde sme, \u010do moment\u00e1lne rob\u00edme, alebo na \u010do mysl\u00edme? Tak\u00fd zrod tejto pravidelnej \u010dinnosti v podstate u\u017e priniesla aplik\u00e1cia ICQ, kde sme mali mo\u017enos\u0165 p\u00edsa\u0165 a upravova\u0165 svoj status. Pam\u00e4t\u00e1te? Ja viem, u\u017e je to d\u00e1vno a na\u0161u myse\u013e u\u017e dlho zamestn\u00e1va Facebook. Niektor\u00ed z n\u00e1s \u00faprave svojho profilu a statusu prepadli a menia ho nieko\u013ekokr\u00e1t za de\u0148, doslova ka\u017ed\u00fd krok je automaticky statusom a fotkou na n\u00e1stenke tejto soci\u00e1lnej siete. Dobrovo\u013ene. A potom m\u00f4\u017ee p\u00f4sobi\u0165 skuto\u010dne komicky, ak pr\u00e1ve t\u00edto \u013eudia za\u010dn\u00fa hl\u00e1sa\u0165 o tom, ako sa boja straty svojich s\u00fakromn\u00fdch inform\u00e1ci\u00ed a ako Facebook nie je dostato\u010dne chr\u00e1nen\u00fd a siaha im do s\u00fakromia.Komick\u00e1 u\u017e ale nie je z\u00e1vislos\u0165 a odk\u00e1zanos\u0165 t\u00fdchto \u013eud\u00ed na ka\u017ed\u00fd \u0161epot a na ka\u017ed\u00fa zmienku, \u010do sa na tejto str\u00e1nke udeje. Tak, ako si t\u00edto \u013eudia nechr\u00e1nia s\u00fakromie svoje, nere\u0161pektuj\u00fa s\u00fakromie druh\u00fdch a v niektor\u00fdch pr\u00edpadoch u\u017e hroz\u00ed priam paranoja a z\u00e1vislos\u0165 od ka\u017ed\u00e9ho uverejnen\u00e9ho slova \u010di fotky, alebo zvedavos\u0165 a niekedy dokonca zakomplexovan\u00e9 \u00famysly ohov\u00e1ra\u0165 toho druh\u00e9ho. D\u00f4vod sa n\u00e1jde, nejak\u00e1 fotka \u010di status sa ur\u010dite n\u00e1jde a bude sa da\u0165 prekr\u00fati\u0165 do &#8220;zauj\u00edmavej&#8221; podoby vhodnej k ohov\u00e1raniu.Aj t\u00fdmto \u013eu\u010fom ale zbyto\u010dne utek\u00e1 \u010das, s\u00fa ako keby prip\u00fatan\u00ed k tejto sieti a doslova hodiny by mohli miesto tomuto &#8220;f\u00edzlovaniu&#8221;, ako aj narcizmu venova\u0165 aj in\u00fdm, prospe\u0161nej\u0161\u00edm a zauj\u00edmavej\u0161\u00edm aktivit\u00e1m a ak nie priamo k pr\u00e1ci \u010di kon\u00ed\u010dkom, tak k prech\u00e1dzke po vonku, k n\u00e1v\u0161teve kamar\u00e1ta, k relax\u00e1cii, \u010di k \u0161portu.\u2022\u00a0\u00a0\u00a0\u00a0\u00a0\u00a0\u00a0\u00a0 Aby sme sa v\u0161ak spr\u00e1vne pochopili, Facebook ako aj podobn\u00e9 soci\u00e1lne siete s\u00fa naozaj skvel\u00fdm n\u00e1strojom a praktick\u00fdm sp\u00f4sobom n\u00e1m dopraj\u00fa mo\u017enosti podeli\u0165 sa s in\u00fdmi \u013eu\u010fmi o zauj\u00edmav\u00e9 \u010di z\u00e1bavn\u00e9 inform\u00e1cie, kontaktova\u0165 sa s nimi na dia\u013eku, dohodn\u00fa\u0165 sa, spoji\u0165 sa v pr\u00edpade, ak \u010dlovek nie je doma, skr\u00e1tka t\u00e1to sie\u0165 \u013eud\u00ed sp\u00e1ja a vid\u00edm v tom ve\u013ea kvalitn\u00fdch pozit\u00edv a mo\u017enost\u00ed, ale mali by sme odhadn\u00fa\u0165 mieru u\u017eito\u010dnosti, kedy u\u017e vrav\u00edme o droge, z\u00e1kernosti, \u010di strate \u010dasu.\u00a0                                                                                                                                                                                                                                                                                                                                                                                                "},{"@context":"https:\/\/schema.org\/","@type":"BreadcrumbList","itemListElement":[{"@type":"ListItem","position":1,"name":"Facebook sme v prvom rade my a my tvor\u00edme jeho pozit\u00edvnu, ale aj negat\u00edvnu str\u00e1nku","item":"https:\/\/www.omfg.sk\/facebook-sme-v-prvom-rade-my-a-my-tvorime-jeho-pozitivnu-ale-aj-negativnu-stranku\/#breadcrumbitem"}]}]